{"id":126,"date":"2025-02-10T17:43:46","date_gmt":"2025-02-10T20:43:46","guid":{"rendered":"https:\/\/mulheres.sinprodf.org.br\/?p=126"},"modified":"2025-04-10T17:50:11","modified_gmt":"2025-04-10T20:50:11","slug":"projeto-aurora","status":"publish","type":"post","link":"https:\/\/mulheres.sinprodf.org.br\/index.php\/2025\/02\/10\/projeto-aurora\/","title":{"rendered":"A voz da P\u00e9rola Preta"},"content":{"rendered":"<p>A voz da P\u00e9rola Preta, tem como base dois livros infantis cuja personagem, viv\u00eancia situa\u00e7\u00f5es de racismo, percebe a falta de representatividade da mulher negra em espa\u00e7os de poder, conhece a Lei Maria da Penha e identifica mulheres do seu conv\u00edvio que sofrem viol\u00eancia. Pautada no trip\u00e9: informa\u00e7\u00e3o, resist\u00eancia e reivindica\u00e7\u00e3o, torna-se uma ativista e parte para uma miss\u00e3o de conscientiza\u00e7\u00e3o. Defendendo a import\u00e2ncia de uma literatura que contempla pautas sociais urgentes, percorro as escolas, promovendo o debate, com os docentes e tamb\u00e9m com os estudantes.<\/p>\n","protected":false},"excerpt":{"rendered":"<p>A voz da P\u00e9rola Preta, tem como base dois livros infantis cuja personagem, viv\u00eancia situa\u00e7\u00f5es de racismo, percebe a falta de representatividade da mulher negra em espa\u00e7os de poder, conhece a Lei Maria da Penha e identifica mulheres do seu conv\u00edvio que sofrem viol\u00eancia. Pautada no trip\u00e9: informa\u00e7\u00e3o, resist\u00eancia e reivindica\u00e7\u00e3o, torna-se uma ativista e [&hellip;]<\/p>\n","protected":false},"author":1,"featured_media":315,"comment_status":"closed","ping_status":"closed","sticky":false,"template":"","format":"standard","meta":{"footnotes":""},"categories":[5],"tags":[],"class_list":["post-126","post","type-post","status-publish","format-standard","has-post-thumbnail","hentry","category-projetos"],"_links":{"self":[{"href":"https:\/\/mulheres.sinprodf.org.br\/index.php\/wp-json\/wp\/v2\/posts\/126","targetHints":{"allow":["GET"]}}],"collection":[{"href":"https:\/\/mulheres.sinprodf.org.br\/index.php\/wp-json\/wp\/v2\/posts"}],"about":[{"href":"https:\/\/mulheres.sinprodf.org.br\/index.php\/wp-json\/wp\/v2\/types\/post"}],"author":[{"embeddable":true,"href":"https:\/\/mulheres.sinprodf.org.br\/index.php\/wp-json\/wp\/v2\/users\/1"}],"replies":[{"embeddable":true,"href":"https:\/\/mulheres.sinprodf.org.br\/index.php\/wp-json\/wp\/v2\/comments?post=126"}],"version-history":[{"count":5,"href":"https:\/\/mulheres.sinprodf.org.br\/index.php\/wp-json\/wp\/v2\/posts\/126\/revisions"}],"predecessor-version":[{"id":290,"href":"https:\/\/mulheres.sinprodf.org.br\/index.php\/wp-json\/wp\/v2\/posts\/126\/revisions\/290"}],"wp:featuredmedia":[{"embeddable":true,"href":"https:\/\/mulheres.sinprodf.org.br\/index.php\/wp-json\/wp\/v2\/media\/315"}],"wp:attachment":[{"href":"https:\/\/mulheres.sinprodf.org.br\/index.php\/wp-json\/wp\/v2\/media?parent=126"}],"wp:term":[{"taxonomy":"category","embeddable":true,"href":"https:\/\/mulheres.sinprodf.org.br\/index.php\/wp-json\/wp\/v2\/categories?post=126"},{"taxonomy":"post_tag","embeddable":true,"href":"https:\/\/mulheres.sinprodf.org.br\/index.php\/wp-json\/wp\/v2\/tags?post=126"}],"curies":[{"name":"wp","href":"https:\/\/api.w.org\/{rel}","templated":true}]}}