{"id":132,"date":"2025-02-10T20:23:52","date_gmt":"2025-02-10T23:23:52","guid":{"rendered":"https:\/\/mulheres.sinprodf.org.br\/?p=132"},"modified":"2025-04-11T10:09:36","modified_gmt":"2025-04-11T13:09:36","slug":"mulheres-na-ciencia","status":"publish","type":"post","link":"https:\/\/mulheres.sinprodf.org.br\/index.php\/2025\/02\/10\/mulheres-na-ciencia\/","title":{"rendered":"Mulheres que marcaram a minha hist\u00f3ria"},"content":{"rendered":"<p>O projeto aconteceu no CEF 18 de Ceil\u00e2ndia no ano de 2018 com turmas de 8\u00ba e 9\u00ba anos nas em que estava lecionando l\u00edngua portuguesa. Foi no in\u00edcio do ano letivo para um momento cr\u00edtico e reflexivo da luta contra a viol\u00eancia. Como proposta de trabalho, sugeri aos estudantes um tema de memorial descritivo: As mulheres que marcaram a minha hist\u00f3ria. Antes disso, fizemos rodas de conversa sobre o assunto com a chamada e representatividade da mulher na humanidade, em cada sociedade, comunidade, fam\u00edlia e hist\u00f3ria pessoal. Fiz uma parceria com o professor de hist\u00f3ria para alinharmos os dados hist\u00f3ricos sobre o assunto. Os estudantes tiveram um prazo para a escrita do memorial e aux\u00edlio para a escrita tendo em vista que \u00e9 um texto n\u00e3o t\u00e3o usual. Ap\u00f3s a escrita e leitura, fizemos uma apresenta\u00e7\u00e3o volunt\u00e1ria em formato de roda de conversa para apresenta\u00e7\u00e3o dos relatos que foi um momento emocionante para todos.<\/p>\n","protected":false},"excerpt":{"rendered":"<p>O projeto aconteceu no CEF 18 de Ceil\u00e2ndia no ano de 2018 com turmas de 8\u00ba e 9\u00ba anos nas em que estava lecionando l\u00edngua portuguesa. Foi no in\u00edcio do ano letivo para um momento cr\u00edtico e reflexivo da luta contra a viol\u00eancia. Como proposta de trabalho, sugeri aos estudantes um tema de memorial descritivo: [&hellip;]<\/p>\n","protected":false},"author":1,"featured_media":288,"comment_status":"closed","ping_status":"closed","sticky":false,"template":"","format":"standard","meta":{"footnotes":""},"categories":[5],"tags":[],"class_list":["post-132","post","type-post","status-publish","format-standard","has-post-thumbnail","hentry","category-projetos"],"_links":{"self":[{"href":"https:\/\/mulheres.sinprodf.org.br\/index.php\/wp-json\/wp\/v2\/posts\/132","targetHints":{"allow":["GET"]}}],"collection":[{"href":"https:\/\/mulheres.sinprodf.org.br\/index.php\/wp-json\/wp\/v2\/posts"}],"about":[{"href":"https:\/\/mulheres.sinprodf.org.br\/index.php\/wp-json\/wp\/v2\/types\/post"}],"author":[{"embeddable":true,"href":"https:\/\/mulheres.sinprodf.org.br\/index.php\/wp-json\/wp\/v2\/users\/1"}],"replies":[{"embeddable":true,"href":"https:\/\/mulheres.sinprodf.org.br\/index.php\/wp-json\/wp\/v2\/comments?post=132"}],"version-history":[{"count":3,"href":"https:\/\/mulheres.sinprodf.org.br\/index.php\/wp-json\/wp\/v2\/posts\/132\/revisions"}],"predecessor-version":[{"id":314,"href":"https:\/\/mulheres.sinprodf.org.br\/index.php\/wp-json\/wp\/v2\/posts\/132\/revisions\/314"}],"wp:featuredmedia":[{"embeddable":true,"href":"https:\/\/mulheres.sinprodf.org.br\/index.php\/wp-json\/wp\/v2\/media\/288"}],"wp:attachment":[{"href":"https:\/\/mulheres.sinprodf.org.br\/index.php\/wp-json\/wp\/v2\/media?parent=132"}],"wp:term":[{"taxonomy":"category","embeddable":true,"href":"https:\/\/mulheres.sinprodf.org.br\/index.php\/wp-json\/wp\/v2\/categories?post=132"},{"taxonomy":"post_tag","embeddable":true,"href":"https:\/\/mulheres.sinprodf.org.br\/index.php\/wp-json\/wp\/v2\/tags?post=132"}],"curies":[{"name":"wp","href":"https:\/\/api.w.org\/{rel}","templated":true}]}}